{"id":5065,"date":"2021-05-04T17:22:00","date_gmt":"2021-05-04T15:22:00","guid":{"rendered":"https:\/\/beige-mouse-615271.hostingersite.com\/une-piste-cyclable-en-famille-la-voie-cyclo-pedonne-maremonti\/"},"modified":"2026-08-03T15:21:35","modified_gmt":"2026-08-03T13:21:35","slug":"une-piste-cyclable-en-famille-la-voie-cyclo-pedonne-maremonti","status":"publish","type":"post","link":"https:\/\/www.adurmi.it\/fr\/une-piste-cyclable-en-famille-la-voie-cyclo-pedonne-maremonti\/","title":{"rendered":"Une piste cyclable en famille : la voie cyclo-p\u00e9donne Maremonti"},"content":{"rendered":"\n<p class=\"wp-block-paragraph\">Sur le front de mer de Levanto, l\u00e0 o\u00f9 passait autrefois le <strong>viaduc ferroviaire<\/strong>, se trouve aujourd\u2019hui une piste cyclo-p\u00e9donne qui, \u00e0 travers d\u2019anciens tunnels et des panoramas enchanteurs, permet de rejoindre en quelques minutes les villages de <strong>Bonassola et Framura<\/strong>.<\/p>\n\n<p class=\"wp-block-paragraph\"><strong>Comment la trouver ?<\/strong> C\u2019est tr\u00e8s simple : une fois arriv\u00e9s au bord de la mer, il vous suffira de regarder sur votre droite et vous apercevrez <strong>l\u2019entr\u00e9e du premier tunnel<\/strong> (les Cinque Terre se trouvent quant \u00e0 elles le long de la c\u00f4te sur votre gauche).<\/p>\n\n<p class=\"wp-block-paragraph\">Nous aimons recommander cette piste cyclable \u00e0 tous, <strong>m\u00eame \u00e0 ceux qui voyagent avec des enfants en bas \u00e2ge<\/strong> : le <strong>trac\u00e9 est s\u00fbr<\/strong> et bien \u00e9clair\u00e9, il y a deux voies s\u00e9par\u00e9es pour les v\u00e9los et une pour les pi\u00e9tons, l\u2019acc\u00e8s aux motos ou aux voitures y est interdit et le terrain est <strong>plat<\/strong>, une v\u00e9ritable raret\u00e9 dans notre r\u00e9gion !<\/p>\n\n<p class=\"wp-block-paragraph\">La piste cyclable serpente entre <strong>criques et petites plages<\/strong> sur environ 6 km : le tron\u00e7on entre <strong>Levanto et Bonassola<\/strong>, long de 2,5 km, est agr\u00e9able \u00e0 parcourir m\u00eame \u00e0 pied car il comporte de nombreux passages \u00e0 l&rsquo;air libre ; le <strong>tron\u00e7on entre Bonassola et Framura<\/strong> est plus long (3,5 km) et se d\u00e9roule principalement dans des tunnels, ce qui peut le rendre fastidieux \u00e0 parcourir \u00e0 pied. En v\u00e9lo, en revanche, il se parcourt rapidement et permet de profiter des vues magnifiques \u00e0 travers les <strong>grandes arcades finales<\/strong>.<\/p>\n\n<p class=\"wp-block-paragraph\">\u00c0 <strong>Bonassola<\/strong>, vous trouverez l\u2019une des plus belles <strong>plages<\/strong> de la c\u00f4te ; \u00e0 <a rel=\"noreferrer noopener\" href=\"http:\/\/www.adurmi.it\/a-framura-in-famiglia\/\" target=\"_blank\"><strong>Framura<\/strong><\/a>, vous arriverez au <strong>Porticciolo<\/strong> (le lieu pr\u00e9f\u00e9r\u00e9 de mon fils, \u00e0 \u00e9galit\u00e9 avec l\u2019Aquarium de G\u00eanes), o\u00f9 vous pourrez prendre un ap\u00e9ritif ou piquer une t\u00eate. Bonassola et Framura sont deux villages enchanteurs, moins connus que les Cinque Terre mais aussi, pour cette raison, g\u00e9n\u00e9ralement <strong>peu fr\u00e9quent\u00e9s<\/strong>.<\/p>\n\n<div style=\"height:20px\" aria-hidden=\"true\" class=\"wp-block-spacer\"><\/div>\n\n<h2 class=\"wp-block-heading\"><strong>Quelques conseils<\/strong>.<\/h2>\n\n<p class=\"wp-block-paragraph\">En \u00e9t\u00e9, les tunnels offrent une agr\u00e9able <strong>climatisation naturelle<\/strong> ; nous conseillons donc \u00e0 chacun de toujours emporter un <strong>sweat-shirt<\/strong> ou une veste l\u00e9g\u00e8re, car l\u2019\u00e9cart de temp\u00e9rature peut \u00eatre consid\u00e9rable (surtout pour les petits qui voyagent sur les si\u00e8ges de v\u00e9lo et qui ne se \u00ab r\u00e9chauffent \u00bb pas en p\u00e9dalant).<\/p>\n\n<p class=\"wp-block-paragraph\">On peut y passer une <strong>journ\u00e9e enti\u00e8re<\/strong> en visitant les villages, en se baignant et en prenant l\u2019ap\u00e9ritif face \u00e0 la mer, mais le trac\u00e9 est en r\u00e9alit\u00e9 assez court, on peut donc le parcourir <strong>m\u00eame si l\u2019on ne dispose que de deux heures<\/strong> : si vous avez d\u00e9j\u00e0 pr\u00e9vu de visiter les Cinque Terre et qu\u2019il vous semble ne pas avoir le temps de voir autre chose, vous pouvez en profiter le jour de votre d\u00e9part, avant de quitter Levanto. <strong>En r\u00e9alit\u00e9, nous vous conseillons d\u2019explorer la piste cyclable au d\u00e9but de vos vacances, ainsi, si elle vous pla\u00eet, vous pourrez y retourner !<\/strong><\/p>\n\n<div style=\"height:20px\" aria-hidden=\"true\" class=\"wp-block-spacer\"><\/div>\n\n<h2 class=\"wp-block-heading\"><strong>Comment parcourir la piste cyclable ?<\/strong><\/h2>\n\n<p class=\"wp-block-paragraph\">En courant (c\u2019est le paradis des coureurs locaux), \u00e0 pied, avec les enfants en poussette, en rollers, en trottinette ou en skateboard et bien s\u00fbr \u00e0 v\u00e9lo (vous pourrez <a rel=\"noreferrer noopener nofollow\" href=\"http:\/\/www.cicliraso.com\/\" target=\"_blank\"><strong>facilement louer des v\u00e9los<\/strong><\/a> de ville et des VTT pour tous les \u00e2ges, ainsi que des si\u00e8ges enfants et des casques).<\/p>\n\n<p class=\"wp-block-paragraph\">Si la derni\u00e8re fois que vous \u00eates mont\u00e9 sur un v\u00e9lo vous aviez 10 ans et que vous ne vous sentez pas de vous lancer \u00e0 nouveau sur deux roues, vous pouvez <strong>profiter de la promenade jusqu\u2019\u00e0 Bonassola<\/strong> et rejoindre <strong>Framura<\/strong> en quelques minutes de train. Depuis le deuxi\u00e8me quai de la gare, on acc\u00e8de \u00e0 la <strong><a href=\"http:\/\/www.framuraturismo.it\/la-via-del-mare\/\" target=\"_blank\" rel=\"noreferrer noopener nofollow\">Via del Mare<\/a>, une magnifique passerelle sur les rochers<\/strong> qui ne peut \u00eatre parcourue qu\u2019\u00e0 pied !<\/p>\n\n<figure class=\"wp-block-gallery has-nested-images columns-2 is-cropped wp-block-gallery-1 is-layout-flex wp-block-gallery-is-layout-flex\">\n<figure class=\"wp-block-image size-full\"><a href=\"https:\/\/www.adurmi.it\/wp-content\/uploads\/2022\/03\/la-ciclo-pedonale-Maremonti-Adurmi-Affittacamere.jpg\"><img fetchpriority=\"high\" decoding=\"async\" width=\"770\" height=\"475\" data-id=\"731\" src=\"https:\/\/www.adurmi.it\/wp-content\/uploads\/2022\/03\/la-ciclo-pedonale-Maremonti-Adurmi-Affittacamere.jpg\" alt=\"\" class=\"wp-image-731\" srcset=\"https:\/\/www.adurmi.it\/wp-content\/uploads\/2022\/03\/la-ciclo-pedonale-Maremonti-Adurmi-Affittacamere.jpg 770w, https:\/\/www.adurmi.it\/wp-content\/uploads\/2022\/03\/la-ciclo-pedonale-Maremonti-Adurmi-Affittacamere-300x185.jpg 300w, https:\/\/www.adurmi.it\/wp-content\/uploads\/2022\/03\/la-ciclo-pedonale-Maremonti-Adurmi-Affittacamere-768x474.jpg 768w\" sizes=\"(max-width: 770px) 100vw, 770px\" \/><\/a><\/figure>\n\n\n\n<figure class=\"wp-block-image size-full\"><a href=\"https:\/\/www.adurmi.it\/wp-content\/uploads\/2022\/03\/la-ciclo-pedonale-Maremonti-Adurmi-Affittacamere-1.jpg\"><img decoding=\"async\" width=\"770\" height=\"475\" data-id=\"732\" src=\"https:\/\/www.adurmi.it\/wp-content\/uploads\/2022\/03\/la-ciclo-pedonale-Maremonti-Adurmi-Affittacamere-1.jpg\" alt=\"\" class=\"wp-image-732\" srcset=\"https:\/\/www.adurmi.it\/wp-content\/uploads\/2022\/03\/la-ciclo-pedonale-Maremonti-Adurmi-Affittacamere-1.jpg 770w, https:\/\/www.adurmi.it\/wp-content\/uploads\/2022\/03\/la-ciclo-pedonale-Maremonti-Adurmi-Affittacamere-1-300x185.jpg 300w, https:\/\/www.adurmi.it\/wp-content\/uploads\/2022\/03\/la-ciclo-pedonale-Maremonti-Adurmi-Affittacamere-1-768x474.jpg 768w\" sizes=\"(max-width: 770px) 100vw, 770px\" \/><\/a><\/figure>\n\n\n\n<figure class=\"wp-block-image size-full\"><a href=\"https:\/\/www.adurmi.it\/wp-content\/uploads\/2022\/03\/la-ciclo-pedonale-Maremonti-Adurmi-Affittacamere-2.jpg\"><img decoding=\"async\" width=\"770\" height=\"475\" data-id=\"733\" src=\"https:\/\/www.adurmi.it\/wp-content\/uploads\/2022\/03\/la-ciclo-pedonale-Maremonti-Adurmi-Affittacamere-2.jpg\" alt=\"\" class=\"wp-image-733\" srcset=\"https:\/\/www.adurmi.it\/wp-content\/uploads\/2022\/03\/la-ciclo-pedonale-Maremonti-Adurmi-Affittacamere-2.jpg 770w, https:\/\/www.adurmi.it\/wp-content\/uploads\/2022\/03\/la-ciclo-pedonale-Maremonti-Adurmi-Affittacamere-2-300x185.jpg 300w, https:\/\/www.adurmi.it\/wp-content\/uploads\/2022\/03\/la-ciclo-pedonale-Maremonti-Adurmi-Affittacamere-2-768x474.jpg 768w\" sizes=\"(max-width: 770px) 100vw, 770px\" \/><\/a><\/figure>\n\n\n\n<figure class=\"wp-block-image size-full\"><a href=\"https:\/\/www.adurmi.it\/wp-content\/uploads\/2022\/03\/la-ciclo-pedonale-Maremonti-Adurmi-Affittacamere-3.jpg\"><img loading=\"lazy\" decoding=\"async\" width=\"770\" height=\"475\" data-id=\"730\" src=\"https:\/\/www.adurmi.it\/wp-content\/uploads\/2022\/03\/la-ciclo-pedonale-Maremonti-Adurmi-Affittacamere-3.jpg\" alt=\"\" class=\"wp-image-730\" srcset=\"https:\/\/www.adurmi.it\/wp-content\/uploads\/2022\/03\/la-ciclo-pedonale-Maremonti-Adurmi-Affittacamere-3.jpg 770w, https:\/\/www.adurmi.it\/wp-content\/uploads\/2022\/03\/la-ciclo-pedonale-Maremonti-Adurmi-Affittacamere-3-300x185.jpg 300w, https:\/\/www.adurmi.it\/wp-content\/uploads\/2022\/03\/la-ciclo-pedonale-Maremonti-Adurmi-Affittacamere-3-768x474.jpg 768w\" sizes=\"(max-width: 770px) 100vw, 770px\" \/><\/a><\/figure>\n<\/figure>\n","protected":false},"excerpt":{"rendered":"<p>Un itin\u00e9raire cyclable en bord de mer que nous recommandons toujours \u00e0 nos h\u00f4tes, m\u00eame \u00e0 ceux qui ne s\u00e9journent que quelques nuits. Et tout le monde en reste agr\u00e9ablement surpris !<\/p>\n","protected":false},"author":1,"featured_media":4867,"comment_status":"open","ping_status":"open","sticky":false,"template":"","format":"standard","meta":{"footnotes":""},"categories":[40,39,41,43,44],"tags":[],"class_list":["post-5065","post","type-post","status-publish","format-standard","has-post-thumbnail","hentry","category-aux-alentours","category-a-levanto","category-avec-les-enfants","category-cinque-terre","category-sentiers"],"_links":{"self":[{"href":"https:\/\/www.adurmi.it\/fr\/wp-json\/wp\/v2\/posts\/5065","targetHints":{"allow":["GET"]}}],"collection":[{"href":"https:\/\/www.adurmi.it\/fr\/wp-json\/wp\/v2\/posts"}],"about":[{"href":"https:\/\/www.adurmi.it\/fr\/wp-json\/wp\/v2\/types\/post"}],"author":[{"embeddable":true,"href":"https:\/\/www.adurmi.it\/fr\/wp-json\/wp\/v2\/users\/1"}],"replies":[{"embeddable":true,"href":"https:\/\/www.adurmi.it\/fr\/wp-json\/wp\/v2\/comments?post=5065"}],"version-history":[{"count":2,"href":"https:\/\/www.adurmi.it\/fr\/wp-json\/wp\/v2\/posts\/5065\/revisions"}],"predecessor-version":[{"id":5732,"href":"https:\/\/www.adurmi.it\/fr\/wp-json\/wp\/v2\/posts\/5065\/revisions\/5732"}],"wp:featuredmedia":[{"embeddable":true,"href":"https:\/\/www.adurmi.it\/fr\/wp-json\/wp\/v2\/media\/4867"}],"wp:attachment":[{"href":"https:\/\/www.adurmi.it\/fr\/wp-json\/wp\/v2\/media?parent=5065"}],"wp:term":[{"taxonomy":"category","embeddable":true,"href":"https:\/\/www.adurmi.it\/fr\/wp-json\/wp\/v2\/categories?post=5065"},{"taxonomy":"post_tag","embeddable":true,"href":"https:\/\/www.adurmi.it\/fr\/wp-json\/wp\/v2\/tags?post=5065"}],"curies":[{"name":"wp","href":"https:\/\/api.w.org\/{rel}","templated":true}]}}