{"id":5059,"date":"2021-05-05T17:16:00","date_gmt":"2021-05-05T15:16:00","guid":{"rendered":"https:\/\/beige-mouse-615271.hostingersite.com\/junior-camp-avec-les-brothers-pour-des-enfants-et-des-parents-heureux\/"},"modified":"2026-05-27T15:20:56","modified_gmt":"2026-05-27T13:20:56","slug":"junior-camp-avec-les-brothers-pour-des-enfants-et-des-parents-heureux","status":"publish","type":"post","link":"https:\/\/www.adurmi.it\/fr\/junior-camp-avec-les-brothers-pour-des-enfants-et-des-parents-heureux\/","title":{"rendered":"Junior Camp avec les Brothers : pour des enfants (et des parents) heureux !"},"content":{"rendered":"\n<p class=\"wp-block-paragraph\">Il s&rsquo;agit de l&rsquo;une des plus belles exp\u00e9riences qu&rsquo;un enfant puisse vivre \u00e0 Levanto : mon fils a h\u00e2te de retrouver tous les amis qu&rsquo;il s&rsquo;est faits lors des saisons pass\u00e9es et tandis qu&rsquo;il sourit en pensant \u00e0 tout le plaisir qu&rsquo;il aura, on sent d\u00e9j\u00e0 l&rsquo;\u00e9t\u00e9 approcher \u00e0 la maison.<\/p>\n\n<p class=\"wp-block-paragraph\">Le Junior Camp est organis\u00e9 par l&rsquo;\u00e9quipe des Brothers, <strong>un groupe de jeunes pleins d&rsquo;enthousiasme<\/strong> (et dot\u00e9s de beaucoup de patience), \u00e0 qui vous pourrez confier vos enfants chaque matin de 10 h \u00e0 13 h ou l&rsquo;apr\u00e8s-midi, de 16 h \u00e0 19 h, du lundi au vendredi. La seule condition est que les enfants sachent nager, notamment parce que le programme hebdomadaire pr\u00e9voit de nombreuses activit\u00e9s aquatiques : excursions en <strong>stand-up paddle et p\u00e9dalo<\/strong> (le long de la falaise du Mesco, avec plongeons inclus), cours de <strong>surf<\/strong>, <strong>skateboard<\/strong> sur la piste cyclable, <strong>snorkeling<\/strong>. Le forfait comprend \u00e9galement un ensemble personnalis\u00e9, avec t-shirt, casquette et sac \u00e0 dos. Et le go\u00fbter, \u00e9videmment \u00e0 base de focaccia !<\/p>\n\n<p class=\"wp-block-paragraph\">Chaque fois que j&rsquo;accompagne mon fils, j&rsquo;aimerais pouvoir rester, me faire toute petite et participer \u00e0 l&rsquo;une de leurs excursions. Mais s&rsquo;il est vrai que les adultes ne sont pas admis, avoir les enfants occup\u00e9s \u00e0 s&rsquo;amuser pendant quelques heures repr\u00e9sente \u00e9galement une excellente occasion pour nous, parents.<\/p>\n\n<p class=\"wp-block-paragraph\"><strong>Voici quelques id\u00e9es pour profiter des heures de libert\u00e9 gagn\u00e9es gr\u00e2ce aux mythiques Brothers :<\/strong><br\/>\u2013 un <a href=\"http:\/\/www.visitlevanto.it\/sentieri\/test\/\" target=\"_blank\" rel=\"noreferrer noopener nofollow\"><strong>trekking de Levanto \u00e0 Punta Mesco<\/strong><\/a> : le parcours est moyennement exigeant, parsem\u00e9 de vues spectaculaires sur la mer, et une fois arriv\u00e9s l\u00e0-haut, vous pourrez admirer d&rsquo;un seul regard toutes les Cinque Terre jusqu&rsquo;\u00e0 Portovenere.<\/p>\n\n<p class=\"wp-block-paragraph\">\u2013 un <a href=\"http:\/\/www.tripadvisor.it\/Attraction_Review-g580223-d8379952-Reviews-Ebikein-Levanto_Italian_Riviera_Liguria.html\" target=\"_blank\" rel=\"noreferrer noopener nofollow\"><strong>tour en v\u00e9lo \u00e9lectrique<\/strong><\/a> : Matteo est un guide fantastique et propose mille itin\u00e9raires diff\u00e9rents, ses excursions sur 2 roues sont faciles, bien organis\u00e9es et toujours super amusantes.<\/p>\n\n<p class=\"wp-block-paragraph\">\u2013 un peu de simple d\u00e9tente : dormir sous le parasol, nager sans soucis, boire un ap\u00e9ritif en toute tranquillit\u00e9, lire un livre sur le banc \u00e0 l&rsquo;ombre des grandes arcades, sur la piste cyclable entre Bonassola et Framura \u2013 le matin, il y a toujours un monsieur qui le fait et c&rsquo;est une personne qui sait profiter de la vie !<\/p>\n\n<p class=\"wp-block-paragraph\">Il ne vous reste plus qu&rsquo;\u00e0 <a href=\"http:\/\/www.brothersurf.com\/\" target=\"_blank\" rel=\"noreferrer noopener nofollow\"><strong>contacter les Brothers<\/strong><\/a> (DAVIDE +39 3931835417 SHOP +39 0187 80 75 61) et r\u00e9server une semaine pour vos enfants. Et si vous ne restez que quelques jours et que la mer est agit\u00e9e, ne manquez pas un <a href=\"http:\/\/www.brothersurf.com\/surf-school\/\" target=\"_blank\" rel=\"noreferrer noopener nofollow\"><strong>cours de surf<\/strong><\/a> (ou une <a href=\"http:\/\/www.brothersurf.com\/paddleboard-excursions\/\" target=\"_blank\" rel=\"noreferrer noopener nofollow\"><strong>excursion en paddle<\/strong><\/a> si la mer est calme). Bon amusement !<\/p>\n\n<figure class=\"wp-block-gallery has-nested-images columns-2 is-cropped wp-block-gallery-1 is-layout-flex wp-block-gallery-is-layout-flex\">\n<figure class=\"wp-block-image size-full\"><a href=\"https:\/\/www.adurmi.it\/wp-content\/uploads\/2022\/03\/Junior-Camp-con-i-Brothers-Adurmi-Affittacamere-3.jpg\"><img fetchpriority=\"high\" decoding=\"async\" width=\"768\" height=\"475\" data-id=\"726\" src=\"https:\/\/www.adurmi.it\/wp-content\/uploads\/2022\/03\/Junior-Camp-con-i-Brothers-Adurmi-Affittacamere-3.jpg\" alt=\"\" class=\"wp-image-726\" srcset=\"https:\/\/www.adurmi.it\/wp-content\/uploads\/2022\/03\/Junior-Camp-con-i-Brothers-Adurmi-Affittacamere-3.jpg 768w, https:\/\/www.adurmi.it\/wp-content\/uploads\/2022\/03\/Junior-Camp-con-i-Brothers-Adurmi-Affittacamere-3-300x186.jpg 300w\" sizes=\"(max-width: 768px) 100vw, 768px\" \/><\/a><\/figure>\n\n\n\n<figure class=\"wp-block-image size-full\"><a href=\"https:\/\/www.adurmi.it\/wp-content\/uploads\/2022\/03\/Junior-Camp-con-i-Brothers-Adurmi-Affittacamere-2.jpg\"><img decoding=\"async\" width=\"770\" height=\"475\" data-id=\"727\" src=\"https:\/\/www.adurmi.it\/wp-content\/uploads\/2022\/03\/Junior-Camp-con-i-Brothers-Adurmi-Affittacamere-2.jpg\" alt=\"\" class=\"wp-image-727\" srcset=\"https:\/\/www.adurmi.it\/wp-content\/uploads\/2022\/03\/Junior-Camp-con-i-Brothers-Adurmi-Affittacamere-2.jpg 770w, https:\/\/www.adurmi.it\/wp-content\/uploads\/2022\/03\/Junior-Camp-con-i-Brothers-Adurmi-Affittacamere-2-300x185.jpg 300w, https:\/\/www.adurmi.it\/wp-content\/uploads\/2022\/03\/Junior-Camp-con-i-Brothers-Adurmi-Affittacamere-2-768x474.jpg 768w\" sizes=\"(max-width: 770px) 100vw, 770px\" \/><\/a><\/figure>\n\n\n\n<figure class=\"wp-block-image size-full\"><a href=\"https:\/\/www.adurmi.it\/wp-content\/uploads\/2022\/03\/Junior-Camp-con-i-Brothers-Adurmi-Affittacamere-1.jpg\"><img decoding=\"async\" width=\"770\" height=\"475\" data-id=\"725\" src=\"https:\/\/www.adurmi.it\/wp-content\/uploads\/2022\/03\/Junior-Camp-con-i-Brothers-Adurmi-Affittacamere-1.jpg\" alt=\"\" class=\"wp-image-725\" srcset=\"https:\/\/www.adurmi.it\/wp-content\/uploads\/2022\/03\/Junior-Camp-con-i-Brothers-Adurmi-Affittacamere-1.jpg 770w, https:\/\/www.adurmi.it\/wp-content\/uploads\/2022\/03\/Junior-Camp-con-i-Brothers-Adurmi-Affittacamere-1-300x185.jpg 300w, https:\/\/www.adurmi.it\/wp-content\/uploads\/2022\/03\/Junior-Camp-con-i-Brothers-Adurmi-Affittacamere-1-768x474.jpg 768w\" sizes=\"(max-width: 770px) 100vw, 770px\" \/><\/a><\/figure>\n<\/figure>\n","protected":false},"excerpt":{"rendered":"<p>Les Brothers ont enfin annonc\u00e9 le programme du Junior Camp pour l&rsquo;\u00e9t\u00e9 2021, du 14 juin au 17 septembre, 5 jours par semaine plac\u00e9s sous le signe du divertissement pour tous les enfants de 6 \u00e0 12 ans.<\/p>\n","protected":false},"author":1,"featured_media":4868,"comment_status":"open","ping_status":"open","sticky":false,"template":"","format":"standard","meta":{"footnotes":""},"categories":[41,42],"tags":[],"class_list":["post-5059","post","type-post","status-publish","format-standard","has-post-thumbnail","hentry","category-avec-les-enfants","category-evenements"],"_links":{"self":[{"href":"https:\/\/www.adurmi.it\/fr\/wp-json\/wp\/v2\/posts\/5059","targetHints":{"allow":["GET"]}}],"collection":[{"href":"https:\/\/www.adurmi.it\/fr\/wp-json\/wp\/v2\/posts"}],"about":[{"href":"https:\/\/www.adurmi.it\/fr\/wp-json\/wp\/v2\/types\/post"}],"author":[{"embeddable":true,"href":"https:\/\/www.adurmi.it\/fr\/wp-json\/wp\/v2\/users\/1"}],"replies":[{"embeddable":true,"href":"https:\/\/www.adurmi.it\/fr\/wp-json\/wp\/v2\/comments?post=5059"}],"version-history":[{"count":1,"href":"https:\/\/www.adurmi.it\/fr\/wp-json\/wp\/v2\/posts\/5059\/revisions"}],"predecessor-version":[{"id":5063,"href":"https:\/\/www.adurmi.it\/fr\/wp-json\/wp\/v2\/posts\/5059\/revisions\/5063"}],"wp:featuredmedia":[{"embeddable":true,"href":"https:\/\/www.adurmi.it\/fr\/wp-json\/wp\/v2\/media\/4868"}],"wp:attachment":[{"href":"https:\/\/www.adurmi.it\/fr\/wp-json\/wp\/v2\/media?parent=5059"}],"wp:term":[{"taxonomy":"category","embeddable":true,"href":"https:\/\/www.adurmi.it\/fr\/wp-json\/wp\/v2\/categories?post=5059"},{"taxonomy":"post_tag","embeddable":true,"href":"https:\/\/www.adurmi.it\/fr\/wp-json\/wp\/v2\/tags?post=5059"}],"curies":[{"name":"wp","href":"https:\/\/api.w.org\/{rel}","templated":true}]}}